{"id":6989,"date":"2026-04-21T12:00:55","date_gmt":"2026-04-21T10:00:55","guid":{"rendered":"https:\/\/adekoite-preprod.fr\/progbat\/?p=6989"},"modified":"2026-04-21T12:00:56","modified_gmt":"2026-04-21T10:00:56","slug":"reforme-facturation-electronique","status":"publish","type":"post","link":"https:\/\/adekoite-preprod.fr\/progbat\/reforme-facturation-electronique\/","title":{"rendered":"R\u00e9forme de la facturation \u00e9lectronique : calendrier, formats, obligations et circuits e-invoicing \/ e-reporting"},"content":{"rendered":"\n<p>Initi\u00e9e par une directive europ\u00e9enne de 2014 qui imposait d\u00e9j\u00e0 la r\u00e9ception des factures \u00e9lectroniques aux entit\u00e9s publiques, cette transformation vise \u00e0 moderniser les pratiques et \u00e0 renforcer la transparence fiscale. Apr\u00e8s l&rsquo;exemple de l&rsquo;Italie en 2019&nbsp;et la mise en place de Chorus Pro pour le secteur public en janvier 2020, la France g\u00e9n\u00e9ralise le dispositif \u00e0 tous les \u00e9changes entre professionnels.<\/p>\n\n\n\n<p>Voici tout ce que vous devez savoir pour pr\u00e9parer votre transition vers l&rsquo;e-facturation.<\/p>\n\n\n\n<h2 class=\"wp-block-heading\"><strong>1. Calendrier de la Facturation \u00c9lectronique : Les Dates Cl\u00e9s 2026 et 2027<\/strong><\/h2>\n\n\n\n<p>Le calendrier de mise en \u0153uvre de la <strong>facturation \u00e9lectronique<\/strong> a \u00e9t\u00e9 report\u00e9, mais les deux \u00e9ch\u00e9ances suivantes sont d\u00e9sormais fermes pour toutes les entreprises :<\/p>\n\n\n\n<h3 class=\"wp-block-heading\"><strong>Septembre 2026 : Obligation de R\u00e9ception.<\/strong><\/h3>\n\n\n\n<p>\u00c0 partir de cette date, <strong>toutes les entreprises<\/strong>&nbsp;devront \u00eatre techniquement capables de <strong>recevoir<\/strong>&nbsp;des factures \u00e9lectroniques. Cette obligation s&rsquo;\u00e9tend aux plus petites structures, car leurs clients (grandes entreprises et ETI) seront tenus d&rsquo;\u00e9mettre en format \u00e9lectronique.<\/p>\n\n\n\n<h3 class=\"wp-block-heading\"><strong>Septembre 2027 : Obligation d\u2019\u00c9mission.<\/strong><\/h3>\n\n\n\n<p>\u00c0 partir de cette date, <strong>toutes les entreprises<\/strong>&nbsp;devront \u00e9galement <strong>\u00e9mettre<\/strong>&nbsp;leurs factures par voie \u00e9lectronique. La p\u00e9riode entre septembre 2026 et septembre 2027 est une phase de transition permettant la g\u00e9n\u00e9ralisation progressive de l&rsquo;\u00e9mission.<\/p>\n\n\n\n<h2 class=\"wp-block-heading\"><strong>2. Les Objectifs de la R\u00e9forme : Lutte contre la Fraude et Simplification de la TVA<\/strong><\/h2>\n\n\n\n<p>Plusieurs objectifs majeurs motivent l&rsquo;adoption obligatoire de la <strong>facturation \u00e9lectronique<\/strong> :<\/p>\n\n\n\n<ul class=\"wp-block-list\">\n<li><strong>Lutte contre la fraude \u00e0 la TVA<\/strong>: La remont\u00e9e d\u2019informations est automatis\u00e9e et l&rsquo;administration fiscale (DGFIP) est inform\u00e9e en temps r\u00e9el des transactions et des \u00e9l\u00e9ments li\u00e9s \u00e0 la TVA.<\/li>\n\n\n\n<li><strong>Am\u00e9lioration de la connaissance de l\u2019activit\u00e9<\/strong>: La <a href=\"https:\/\/adekoite-preprod.fr\/progbat\/role-cabinet-comptable-securiser-transition-artisans\/\" data-type=\"post\" data-id=\"6942\">transmission des donn\u00e9es de facturation<\/a> offre une vision plus imm\u00e9diate et pr\u00e9cise de la sant\u00e9 \u00e9conomique des entreprises.<\/li>\n\n\n\n<li><strong>Facilitation de la d\u00e9claration de TVA<\/strong>: L&rsquo;administration souhaite mettre en place un m\u00e9canisme de <strong>pr\u00e9-remplissage<\/strong>\u00a0pour automatiser les d\u00e9clarations, tout en conservant un contr\u00f4le.<\/li>\n\n\n\n<li><strong>All\u00e8gement de la charge administrative<\/strong>: Bien que la phase de d\u00e9marrage puisse \u00eatre exigeante, l\u2019objectif \u00e0 terme est de simplifier les processus de gestion des entreprises.<\/li>\n<\/ul>\n\n\n\n<h2 class=\"wp-block-heading\"><strong>3. Le Format Factur-X : Bien Plus qu&rsquo;un Simple PDF<\/strong><\/h2>\n\n\n\n<p>Il est crucial de comprendre ce que la <strong>facturation \u00e9lectronique<\/strong> n\u2019est pas :<\/p>\n\n\n\n<ul class=\"wp-block-list\">\n<li>Ce n\u2019est <strong>pas l\u2019envoi d\u2019un PDF par e-mail<\/strong>.<\/li>\n\n\n\n<li>Ce n&rsquo;est ni une facture scann\u00e9e, ni une simple d\u00e9mat\u00e9rialisation.<\/li>\n<\/ul>\n\n\n\n<p>La r\u00e9forme impose un <strong>format sp\u00e9cifique<\/strong> et un <strong>cycle de vie<\/strong> encadr\u00e9. Le format privil\u00e9gi\u00e9 en France est le <strong>Factur\u2011X<\/strong>.<\/p>\n\n\n\n<h3 class=\"wp-block-heading\"><strong>Le fonctionnement de Factur-X :<\/strong><\/h3>\n\n\n\n<p>Factur-X est un format hybride qui se pr\u00e9sente comme un <strong>PDF lisible<\/strong> par un \u00eatre humain. Toutefois, ce PDF contient un <strong>fichier XML \u201ccach\u00e9\u201d<\/strong>. Ce fichier XML renferme des <strong>donn\u00e9es structur\u00e9es<\/strong> standardis\u00e9es, permettant aux syst\u00e8mes informatiques de lire et de traiter la facture automatiquement.<\/p>\n\n\n\n<p>Ce format est associ\u00e9 \u00e0 un <strong>cycle de vie<\/strong> qui impose de renseigner des <strong>statuts<\/strong> sp\u00e9cifiques (par l\u2019\u00e9metteur et\/ou le destinataire) pour encadrer la cr\u00e9ation, la transmission, la r\u00e9ception et l&rsquo;archivage de la facture.<\/p>\n\n\n\n<h2 class=\"wp-block-heading\"><strong>4. L&rsquo;Obligation Centrale : Choisir votre Plateforme (PA et SC)<\/strong><\/h2>\n\n\n\n<p>L\u2019obligation centrale pour toutes les entreprises est de <strong>choisir une plateforme<\/strong> pour assurer l&rsquo;\u00e9mission et la r\u00e9ception des factures.<\/p>\n\n\n\n<p>La r\u00e9forme distingue deux types de plateformes indispensables pour le circuit \u00e9lectronique :<\/p>\n\n\n\n<h3 class=\"wp-block-heading\"><strong>Les Plateformes Agr\u00e9\u00e9es (PA)<\/strong><\/h3>\n\n\n\n<p>Les <strong>Plateformes Agr\u00e9\u00e9es<\/strong> (PA), auparavant appel\u00e9es Plateformes de D\u00e9mat\u00e9rialisation Partenaires (PDP), sont des entit\u00e9s priv\u00e9es <strong>agr\u00e9\u00e9es par l\u2019\u00c9tat<\/strong>. Elles sont au c\u0153ur du dispositif et sont obligatoires pour les entreprises.<\/p>\n\n\n\n<ul class=\"wp-block-list\">\n<li><strong>R\u00f4le central :<\/strong>\u00a0Elles doivent \u00eatre en mesure d\u2019\u00e9mettre et de recevoir des factures \u00e9lectroniques selon le cahier des charges strict.<\/li>\n\n\n\n<li><strong>Fonctionnalit\u00e9 :<\/strong>\u00a0Les PA sont g\u00e9n\u00e9ralistes. Bien qu&rsquo;il en existe une centaine, elles n&rsquo;assurent pas n\u00e9cessairement la gestion des sp\u00e9cificit\u00e9s m\u00e9tier complexes, comme les retenues de garantie, les factures de situation, les avenants ou le prorata, fr\u00e9quents dans le BTP.<\/li>\n<\/ul>\n\n\n\n<h3 class=\"wp-block-heading\"><strong>Les Solutions Compatibles (SC)<\/strong><\/h3>\n\n\n\n<p>Les <strong>Solutions Compatibles<\/strong> (SC), auparavant appel\u00e9es Op\u00e9rateurs de D\u00e9mat\u00e9rialisation (OD), sont des logiciels de facturation.<\/p>\n\n\n\n<ul class=\"wp-block-list\">\n<li><strong>R\u00f4le :<\/strong>\u00a0Elles permettent de <strong>cr\u00e9er des factures au format Factur\u2011X<\/strong>.<\/li>\n\n\n\n<li><strong>Transmission :<\/strong>\u00a0Elles se connectent \u00e0 une Plateforme Agr\u00e9\u00e9e pour garantir la transmission des flux et l&rsquo;int\u00e9gration de la facturation \u00e9lectronique dans vos processus internes.<\/li>\n<\/ul>\n\n\n\n<p>En r\u00e9sum\u00e9, la Plateforme Agr\u00e9\u00e9e est l\u2019\u00e9l\u00e9ment obligatoire \u00e0 d\u00e9clarer et \u00e0 utiliser, tandis que la Solution Compatible (comme ProGBat) g\u00e8re les contraintes m\u00e9tiers sp\u00e9cifiques.<\/p>\n\n\n\n<h2 class=\"wp-block-heading\"><strong>5. E-invoicing et E-reporting : Identifier vos Transactions<\/strong><\/h2>\n\n\n\n<p>La r\u00e9forme \u00e9tablit une distinction entre deux circuits de transmission selon la nature de votre client :<\/p>\n\n\n\n<h3 class=\"wp-block-heading\"><strong>e-invoicing : Facturation B2B et B2G<\/strong><\/h3>\n\n\n\n<p>Le circuit <strong>e-invoicing<\/strong> (facturation \u00e9lectronique) concerne les factures adress\u00e9es \u00e0 un <strong>professionnel<\/strong> ou \u00e0 une <strong>administration<\/strong>.<\/p>\n\n\n\n<ul class=\"wp-block-list\">\n<li><strong>Le principe :<\/strong>\u00a0La facture est \u00e9mise via votre solution compatible, puis transmise \u00e0 votre Plateforme Agr\u00e9\u00e9e. Celle-ci a deux fonctions essentielles :\n<ol class=\"wp-block-list\">\n<li>Elle <strong>informe l\u2019administration<\/strong>\u00a0en transmettant les donn\u00e9es structur\u00e9es (XML).<\/li>\n\n\n\n<li>Elle <strong>achemine la facture<\/strong>\u00a0vers la Plateforme Agr\u00e9\u00e9e du destinataire, en s\u2019appuyant sur un annuaire pour identifier la plateforme choisie par l&rsquo;entreprise cliente.<\/li>\n<\/ol>\n<\/li>\n\n\n\n<li><strong>Chorus Pro :<\/strong>\u00a0Pour la facturation au secteur public (B2G), Chorus Pro reste l\u2019interface en place, mais l\u2019envoi peut transiter par la Plateforme Agr\u00e9\u00e9e avant d\u2019\u00eatre transmis \u00e0 Chorus Pro.<\/li>\n<\/ul>\n\n\n\n<h3 class=\"wp-block-heading\"><strong>e-reporting : Facturation B2C et autres cas<\/strong><\/h3>\n\n\n\n<p>Le circuit <strong>e-reporting<\/strong> (transmission de donn\u00e9es) concerne notamment la facturation aux <strong>particuliers<\/strong>.<\/p>\n\n\n\n<ul class=\"wp-block-list\">\n<li><strong>Le principe :<\/strong>\u00a0L\u2019envoi de la facture au client particulier ne change pas (un e-mail est toujours possible). Cependant, les informations de facturation doivent \u00eatre <strong>report\u00e9es<\/strong>\u00a0\u00e0 l\u2019administration fiscale via votre Plateforme Agr\u00e9\u00e9e.<\/li>\n\n\n\n<li><strong>Autres situations :<\/strong>\u00a0Le e-reporting couvre aussi les situations o\u00f9 le e-invoicing ne peut s\u2019appliquer, telles que certaines d\u00e9penses o\u00f9 l&rsquo;identification d&rsquo;un professionnel n&rsquo;est pas possible au moment de l&rsquo;achat.<\/li>\n\n\n\n<li><strong>Fr\u00e9quence :<\/strong>\u00a0La p\u00e9riodicit\u00e9 de transmission des informations de e-reporting d\u00e9pendra de votre statut et chiffre d\u2019affaires (les fr\u00e9quences \u00e9voqu\u00e9es vont d&rsquo;hebdomadaire \u00e0 mensuelle). Les PA et SC sont con\u00e7ues pour simplifier ce processus en g\u00e9rant l&rsquo;envoi des flux au bon moment.<\/li>\n<\/ul>\n\n\n\n<p>En 2026, toutes les entreprises devront <strong>recevoir<\/strong> des factures \u00e9lectroniques.<\/p>\n\n\n\n<p>En 2027, elles devront aussi les <strong>\u00e9mettre<\/strong>.<\/p>\n\n\n\n<p>Plus t\u00f4t vous vous \u00e9quipez, plus la transition sera simple.<\/p>\n\n\n\n<p><a href=\"https:\/\/adekoite-preprod.fr\/progbat\/facturation-electronique\/\" data-type=\"page\" data-id=\"4113\"><strong>ProGBat<\/strong> vous accompagne \u00e0 chaque \u00e9tape<\/a> pour que la <strong>facturation \u00e9lectronique<\/strong> ne soit pas un casse-t\u00eate, mais une <strong>opportunit\u00e9 de simplifier votre gestion<\/strong> et de vous conformer aux nouvelles obligations l\u00e9gales. Nous vous aidons \u00e0 int\u00e9grer une Solution Compatible adapt\u00e9e aux contraintes sp\u00e9cifiques de votre m\u00e9tier.<\/p>\n","protected":false},"excerpt":{"rendered":"<p>La r\u00e9forme de la <strong>facturation \u00e9lectronique<\/strong> est l&rsquo;une des \u00e9volutions les plus importantes de la gestion d&rsquo;entreprise en France. <\/p>\n","protected":false},"author":1,"featured_media":6990,"comment_status":"open","ping_status":"open","sticky":false,"template":"","format":"standard","meta":{"footnotes":""},"categories":[19],"tags":[],"class_list":["post-6989","post","type-post","status-publish","format-standard","has-post-thumbnail","hentry","category-facturation-electronique"],"_links":{"self":[{"href":"https:\/\/adekoite-preprod.fr\/progbat\/wp-json\/wp\/v2\/posts\/6989","targetHints":{"allow":["GET"]}}],"collection":[{"href":"https:\/\/adekoite-preprod.fr\/progbat\/wp-json\/wp\/v2\/posts"}],"about":[{"href":"https:\/\/adekoite-preprod.fr\/progbat\/wp-json\/wp\/v2\/types\/post"}],"author":[{"embeddable":true,"href":"https:\/\/adekoite-preprod.fr\/progbat\/wp-json\/wp\/v2\/users\/1"}],"replies":[{"embeddable":true,"href":"https:\/\/adekoite-preprod.fr\/progbat\/wp-json\/wp\/v2\/comments?post=6989"}],"version-history":[{"count":1,"href":"https:\/\/adekoite-preprod.fr\/progbat\/wp-json\/wp\/v2\/posts\/6989\/revisions"}],"predecessor-version":[{"id":6991,"href":"https:\/\/adekoite-preprod.fr\/progbat\/wp-json\/wp\/v2\/posts\/6989\/revisions\/6991"}],"wp:featuredmedia":[{"embeddable":true,"href":"https:\/\/adekoite-preprod.fr\/progbat\/wp-json\/wp\/v2\/media\/6990"}],"wp:attachment":[{"href":"https:\/\/adekoite-preprod.fr\/progbat\/wp-json\/wp\/v2\/media?parent=6989"}],"wp:term":[{"taxonomy":"category","embeddable":true,"href":"https:\/\/adekoite-preprod.fr\/progbat\/wp-json\/wp\/v2\/categories?post=6989"},{"taxonomy":"post_tag","embeddable":true,"href":"https:\/\/adekoite-preprod.fr\/progbat\/wp-json\/wp\/v2\/tags?post=6989"}],"curies":[{"name":"wp","href":"https:\/\/api.w.org\/{rel}","templated":true}]}}